{"id":1353,"date":"2013-07-04T18:28:10","date_gmt":"2013-07-04T18:28:10","guid":{"rendered":"http:\/\/www.fondationgroupeforget.ca\/?p=1353"},"modified":"2022-10-16T13:48:41","modified_gmt":"2022-10-16T17:48:41","slug":"the-groupe-forget-foundation-offers-the-ird-deafness-and-communication-foundation-a-new-specialized-therapy-room-for-children","status":"publish","type":"post","link":"https:\/\/fondationgroupeforget.ca\/en\/implication-en\/the-groupe-forget-foundation-offers-the-ird-deafness-and-communication-foundation-a-new-specialized-therapy-room-for-children","title":{"rendered":"The Groupe Forget Foundation offers the IRD Deafness and Communication Foundation a new specialized therapy room for children."},"content":{"rendered":"<p>In the context of the month dedicated to audition and communication, the Groupe Forget Foundation was pleased to provide a newly restored specialized therapy room for children registered in the Language and Auditory Processing Disorder program and for teenagers and young adults in the Teenagers\/Young Adults, Hard-of-Hearing, Language Impairment and Stuttering program, both offered at the Raymond-Dewar Institute.<\/p>\n<p>The room will be equipped with state of the art technology that will allow children and teenagers to film themselves and edit their videos. Media such as photography and video are an interactive way to increase the development of communication, speech, autonomy and self-esteem.<\/p>\n<p>\u00ab\u00a0This new room creates a less <em>medical <\/em>environment: it provides a more natural setting. Only to have a couch, chairs and a computer, items we did not have before, will contribute to the fact young people will no longer feel they\u2019re in a re-adaptation centre but in a warmer and attractive place\u00bb, explained Mr. Patrick L\u00e9vesque, head of the teenager and young adults program at the Raymond-Dewar Institute.<\/p>\n<p>\u00ab\u00a0This new environment simplifies daily interventions thanks to its technology\u00a0\u00bb, added Mr. St\u00e9phane B\u00e9rub\u00e9, head of the Language and Auditory Processing Disorder program.<\/p>\n<p>In addition, this multi-functional space provides two distinct areas each welcoming a different age group. The renovation was completed by a wall painting by Montreal artist and painter Mrs. Jo\u00eblle Th\u00e9bault. In accordance with the Raymond-Dewar Institute\u2019s mission, this creation represents communication in the 21<sup>st<\/sup> century.<\/p>\n<p>It is important for the Groupe Forget Foundation that children and teenagers have access to a most stimulating therapy environment. This is why the Foundation decided to be involved with the IRD Deafness and Communication Foundation in this project.<\/p>\n<p><a title=\"IRD video\" href=\"http:\/\/www.fondationgroupeforget.ca\/en\/histoires-vecues\/the-groupe-forget-foundation-offers-the-ird-deafness-and-communication-foundation-a-new-specialized-therapy-room-for-children-and-teenagers\/\" target=\"_blank\" rel=\"noopener noreferrer\"><span style=\"text-decoration: underline;\">\u00a0\u00bb Watch the video<\/span><\/a><\/p>\n<h5><span style=\"text-decoration: underline;\">About<\/span><\/h5>\n<p><img loading=\"lazy\" class=\"alignleft size-thumbnail wp-image-1756\" src=\"https:\/\/fondationgroupeforget.ca\/wp-content\/uploads\/2013\/07\/fgf-m-cmyk1-150x150.jpg\" alt=\"\" width=\"150\" height=\"53\" srcset=\"https:\/\/fondationgroupeforget.ca\/wp-content\/uploads\/2013\/07\/fgf-m-cmyk1-300x106.jpg 300w, https:\/\/fondationgroupeforget.ca\/wp-content\/uploads\/2013\/07\/fgf-m-cmyk1-1024x361.jpg 1024w, https:\/\/fondationgroupeforget.ca\/wp-content\/uploads\/2013\/07\/fgf-m-cmyk1-768x271.jpg 768w, https:\/\/fondationgroupeforget.ca\/wp-content\/uploads\/2013\/07\/fgf-m-cmyk1-1536x542.jpg 1536w, https:\/\/fondationgroupeforget.ca\/wp-content\/uploads\/2013\/07\/fgf-m-cmyk1-2048x723.jpg 2048w\" sizes=\"(max-width: 150px) 100vw, 150px\" \/>The Groupe Forget Foundation is a nonprofit organization. Its mission is to improve the quality of life of those affected by a hearing loss and to raise the public\u2019s awareness to the daily challenges brought about by a hearing loss. (<a href=\"http:\/\/www.fondationgroupeforget.ca\" target=\"_blank\" rel=\"noopener noreferrer\">www.fondationgroupeforget.ca<\/a>)<\/p>\n<p>&nbsp;<\/p>\n<p>&nbsp;<\/p>\n<p><img loading=\"lazy\" class=\"alignleft size-thumbnail wp-image-1754\" src=\"https:\/\/fondationgroupeforget.ca\/wp-content\/uploads\/2013\/07\/fsc-logocmykslogan2-150x150.jpg\" alt=\"\" width=\"150\" height=\"105\" srcset=\"https:\/\/fondationgroupeforget.ca\/wp-content\/uploads\/2013\/07\/fsc-logocmykslogan2-300x210.jpg 300w, https:\/\/fondationgroupeforget.ca\/wp-content\/uploads\/2013\/07\/fsc-logocmykslogan2-1024x716.jpg 1024w, https:\/\/fondationgroupeforget.ca\/wp-content\/uploads\/2013\/07\/fsc-logocmykslogan2-768x537.jpg 768w, https:\/\/fondationgroupeforget.ca\/wp-content\/uploads\/2013\/07\/fsc-logocmykslogan2-1536x1073.jpg 1536w, https:\/\/fondationgroupeforget.ca\/wp-content\/uploads\/2013\/07\/fsc-logocmykslogan2.jpg 1740w\" sizes=\"(max-width: 150px) 100vw, 150px\" \/>The Deafness and Communication Foundation is an inseparable partner of the Raymond-Dewar Institute. Its mission is the well-being of deaf or deaf-blind children, teenagers, adults and seniors as well as young people with communication problems attending the Institute. (<a href=\"http:\/\/www.raymond-dewar.qc.ca\" target=\"_blank\" rel=\"noopener noreferrer\">www.raymond-dewar.qc.ca<\/a>)<\/p>\n","protected":false},"excerpt":{"rendered":"<p>The Groupe Forget Foundation was pleased to provide a newly restored specialized therapy room for children registered in the Language and Auditory Processing Disorder program and for teenagers and young adults in the Teenagers\/Young Adults, Hard-of-Hearing, Language Impairment and Stuttering program, both offered at the Raymond-Dewar Institute.  <\/p>\n","protected":false},"author":6,"featured_media":1870,"comment_status":"closed","ping_status":"closed","sticky":false,"template":"","format":"standard","meta":[],"categories":[19],"tags":[],"yoast_head":"<!-- This site is optimized with the Yoast SEO plugin v14.9 - https:\/\/yoast.com\/wordpress\/plugins\/seo\/ -->\n<title>The Groupe Forget Foundation offers the IRD Deafness and Communication Foundation a new specialized therapy room for children. - Fondation Groupe Forget<\/title>\n<meta name=\"robots\" content=\"index, follow, max-snippet:-1, max-image-preview:large, max-video-preview:-1\" \/>\n<link rel=\"canonical\" href=\"https:\/\/fondationgroupeforget.ca\/en\/implication-en\/the-groupe-forget-foundation-offers-the-ird-deafness-and-communication-foundation-a-new-specialized-therapy-room-for-children\" \/>\n<meta property=\"og:locale\" content=\"en_US\" \/>\n<meta property=\"og:type\" content=\"article\" \/>\n<meta property=\"og:title\" content=\"The Groupe Forget Foundation offers the IRD Deafness and Communication Foundation a new specialized therapy room for children. - Fondation Groupe Forget\" \/>\n<meta property=\"og:description\" content=\"The Groupe Forget Foundation was pleased to provide a newly restored specialized therapy room for children registered in the Language and Auditory Processing Disorder program and for teenagers and young adults in the Teenagers\/Young Adults, Hard-of-Hearing, Language Impairment and Stuttering program, both offered at the Raymond-Dewar Institute.\" \/>\n<meta property=\"og:url\" content=\"https:\/\/fondationgroupeforget.ca\/en\/implication-en\/the-groupe-forget-foundation-offers-the-ird-deafness-and-communication-foundation-a-new-specialized-therapy-room-for-children\" \/>\n<meta property=\"og:site_name\" content=\"Fondation Groupe Forget\" \/>\n<meta property=\"article:publisher\" content=\"https:\/\/www.facebook.com\/fondationgroupeforget\" \/>\n<meta property=\"article:published_time\" content=\"2013-07-04T18:28:10+00:00\" \/>\n<meta property=\"article:modified_time\" content=\"2022-10-16T17:48:41+00:00\" \/>\n<meta property=\"og:image\" content=\"https:\/\/fondationgroupeforget.ca\/wp-content\/uploads\/2013\/07\/fondation-groupe-forget-ird-salle-de-readaptation.jpg\" \/>\n\t<meta property=\"og:image:width\" content=\"290\" \/>\n\t<meta property=\"og:image:height\" content=\"290\" \/>\n<meta name=\"twitter:card\" content=\"summary_large_image\" \/>\n<script type=\"application\/ld+json\" class=\"yoast-schema-graph\">{\"@context\":\"https:\/\/schema.org\",\"@graph\":[{\"@type\":\"WebSite\",\"@id\":\"https:\/\/fondationgroupeforget.ca\/en\/#website\",\"url\":\"https:\/\/fondationgroupeforget.ca\/en\/\",\"name\":\"Fondation Groupe Forget\",\"description\":\"Le don de l&#039;audition\",\"potentialAction\":[{\"@type\":\"SearchAction\",\"target\":\"https:\/\/fondationgroupeforget.ca\/en\/?s={search_term_string}\",\"query-input\":\"required name=search_term_string\"}],\"inLanguage\":\"en-US\"},{\"@type\":\"ImageObject\",\"@id\":\"https:\/\/fondationgroupeforget.ca\/en\/implication-en\/the-groupe-forget-foundation-offers-the-ird-deafness-and-communication-foundation-a-new-specialized-therapy-room-for-children#primaryimage\",\"inLanguage\":\"en-US\",\"url\":\"https:\/\/fondationgroupeforget.ca\/wp-content\/uploads\/2013\/07\/fondation-groupe-forget-ird-salle-de-readaptation.jpg\",\"width\":290,\"height\":290},{\"@type\":\"WebPage\",\"@id\":\"https:\/\/fondationgroupeforget.ca\/en\/implication-en\/the-groupe-forget-foundation-offers-the-ird-deafness-and-communication-foundation-a-new-specialized-therapy-room-for-children#webpage\",\"url\":\"https:\/\/fondationgroupeforget.ca\/en\/implication-en\/the-groupe-forget-foundation-offers-the-ird-deafness-and-communication-foundation-a-new-specialized-therapy-room-for-children\",\"name\":\"The Groupe Forget Foundation offers the IRD Deafness and Communication Foundation a new specialized therapy room for children. - Fondation Groupe Forget\",\"isPartOf\":{\"@id\":\"https:\/\/fondationgroupeforget.ca\/en\/#website\"},\"primaryImageOfPage\":{\"@id\":\"https:\/\/fondationgroupeforget.ca\/en\/implication-en\/the-groupe-forget-foundation-offers-the-ird-deafness-and-communication-foundation-a-new-specialized-therapy-room-for-children#primaryimage\"},\"datePublished\":\"2013-07-04T18:28:10+00:00\",\"dateModified\":\"2022-10-16T17:48:41+00:00\",\"author\":{\"@id\":\"https:\/\/fondationgroupeforget.ca\/en\/#\/schema\/person\/abae22d2357fee9bdbba97623a9c186b\"},\"inLanguage\":\"en-US\",\"potentialAction\":[{\"@type\":\"ReadAction\",\"target\":[\"https:\/\/fondationgroupeforget.ca\/en\/implication-en\/the-groupe-forget-foundation-offers-the-ird-deafness-and-communication-foundation-a-new-specialized-therapy-room-for-children\"]}]},{\"@type\":\"Person\",\"@id\":\"https:\/\/fondationgroupeforget.ca\/en\/#\/schema\/person\/abae22d2357fee9bdbba97623a9c186b\",\"name\":\"Marketing Marketing GF\",\"image\":{\"@type\":\"ImageObject\",\"@id\":\"https:\/\/fondationgroupeforget.ca\/en\/#personlogo\",\"inLanguage\":\"en-US\",\"url\":\"https:\/\/secure.gravatar.com\/avatar\/ffc95c91bbe74569a91d76ff7e9fe38e?s=96&d=mm&r=g\",\"caption\":\"Marketing Marketing GF\"}}]}<\/script>\n<!-- \/ Yoast SEO plugin. -->","_links":{"self":[{"href":"https:\/\/fondationgroupeforget.ca\/en\/wp-json\/wp\/v2\/posts\/1353"}],"collection":[{"href":"https:\/\/fondationgroupeforget.ca\/en\/wp-json\/wp\/v2\/posts"}],"about":[{"href":"https:\/\/fondationgroupeforget.ca\/en\/wp-json\/wp\/v2\/types\/post"}],"author":[{"embeddable":true,"href":"https:\/\/fondationgroupeforget.ca\/en\/wp-json\/wp\/v2\/users\/6"}],"replies":[{"embeddable":true,"href":"https:\/\/fondationgroupeforget.ca\/en\/wp-json\/wp\/v2\/comments?post=1353"}],"version-history":[{"count":4,"href":"https:\/\/fondationgroupeforget.ca\/en\/wp-json\/wp\/v2\/posts\/1353\/revisions"}],"predecessor-version":[{"id":2053,"href":"https:\/\/fondationgroupeforget.ca\/en\/wp-json\/wp\/v2\/posts\/1353\/revisions\/2053"}],"wp:featuredmedia":[{"embeddable":true,"href":"https:\/\/fondationgroupeforget.ca\/en\/wp-json\/wp\/v2\/media\/1870"}],"wp:attachment":[{"href":"https:\/\/fondationgroupeforget.ca\/en\/wp-json\/wp\/v2\/media?parent=1353"}],"wp:term":[{"taxonomy":"category","embeddable":true,"href":"https:\/\/fondationgroupeforget.ca\/en\/wp-json\/wp\/v2\/categories?post=1353"},{"taxonomy":"post_tag","embeddable":true,"href":"https:\/\/fondationgroupeforget.ca\/en\/wp-json\/wp\/v2\/tags?post=1353"}],"curies":[{"name":"wp","href":"https:\/\/api.w.org\/{rel}","templated":true}]}}